{"id":84,"date":"2017-03-02T10:15:13","date_gmt":"2017-03-02T07:15:13","guid":{"rendered":"http:\/\/prenses.kuzeyyildizi.com\/?p=84"},"modified":"2017-03-02T10:15:13","modified_gmt":"2017-03-02T07:15:13","slug":"84","status":"publish","type":"post","link":"https:\/\/prenses.kuzeyyildizi.com\/?p=84","title":{"rendered":"2014"},"content":{"rendered":"<p>kollar\u0131m\u0131 kafam\u0131n etraf\u0131na doluyorum. beynim \u00fc\u015f\u00fcyor bazen. \u00fc\u015f\u00fcmeyelim isterim. anne oldu\u011fum i\u00e7in. bellerimiz \u00fc\u015f\u00fcmesin isterim. elleriniz \u00fc\u015f\u00fcmesin. ellerinizi tutay\u0131m. ellerinizden tutup sizi taksim park\u0131na g\u00f6t\u00fcreyim. vondel parka g\u00f6t\u00fcrecektim hat\u0131rl\u0131yor musun. elinden tutup g\u00f6t\u00fcremedim seni. anne olmam gerekiyordu o zaman. fakat \u015fimdi yo\u011fun bir bahar ihtiyac\u0131.<\/p>\n","protected":false},"excerpt":{"rendered":"<p>kollar\u0131m\u0131 kafam\u0131n etraf\u0131na doluyorum. beynim \u00fc\u015f\u00fcyor bazen. \u00fc\u015f\u00fcmeyelim isterim. anne oldu\u011fum i\u00e7in. bellerimiz \u00fc\u015f\u00fcmesin isterim. elleriniz \u00fc\u015f\u00fcmesin. ellerinizi tutay\u0131m. ellerinizden tutup sizi taksim park\u0131na g\u00f6t\u00fcreyim. vondel parka g\u00f6t\u00fcrecektim hat\u0131rl\u0131yor musun. elinden tutup g\u00f6t\u00fcremedim seni. anne olmam gerekiyordu o zaman. fakat &hellip; <a href=\"https:\/\/prenses.kuzeyyildizi.com\/?p=84\">Okumaya devam et <span class=\"meta-nav\">&rarr;<\/span><\/a><\/p>\n","protected":false},"author":1,"featured_media":0,"comment_status":"open","ping_status":"open","sticky":false,"template":"","format":"standard","meta":{"footnotes":""},"categories":[2],"tags":[],"class_list":["post-84","post","type-post","status-publish","format-standard","hentry","category-prenses"],"_links":{"self":[{"href":"https:\/\/prenses.kuzeyyildizi.com\/index.php?rest_route=\/wp\/v2\/posts\/84"}],"collection":[{"href":"https:\/\/prenses.kuzeyyildizi.com\/index.php?rest_route=\/wp\/v2\/posts"}],"about":[{"href":"https:\/\/prenses.kuzeyyildizi.com\/index.php?rest_route=\/wp\/v2\/types\/post"}],"author":[{"embeddable":true,"href":"https:\/\/prenses.kuzeyyildizi.com\/index.php?rest_route=\/wp\/v2\/users\/1"}],"replies":[{"embeddable":true,"href":"https:\/\/prenses.kuzeyyildizi.com\/index.php?rest_route=%2Fwp%2Fv2%2Fcomments&post=84"}],"version-history":[{"count":0,"href":"https:\/\/prenses.kuzeyyildizi.com\/index.php?rest_route=\/wp\/v2\/posts\/84\/revisions"}],"wp:attachment":[{"href":"https:\/\/prenses.kuzeyyildizi.com\/index.php?rest_route=%2Fwp%2Fv2%2Fmedia&parent=84"}],"wp:term":[{"taxonomy":"category","embeddable":true,"href":"https:\/\/prenses.kuzeyyildizi.com\/index.php?rest_route=%2Fwp%2Fv2%2Fcategories&post=84"},{"taxonomy":"post_tag","embeddable":true,"href":"https:\/\/prenses.kuzeyyildizi.com\/index.php?rest_route=%2Fwp%2Fv2%2Ftags&post=84"}],"curies":[{"name":"wp","href":"https:\/\/api.w.org\/{rel}","templated":true}]}}